{"id":18,"date":"2026-09-06T16:17:41","date_gmt":"2026-09-06T14:17:41","guid":{"rendered":"https:\/\/www.lazar.es\/index.php\/2026\/09\/06\/why-did-real-madrid-wear-blue-shorts-vs-oviedo-%f0%9f%a4%94%f0%9f%91%80\/"},"modified":"2026-09-06T16:17:41","modified_gmt":"2026-09-06T14:17:41","slug":"why-did-real-madrid-wear-blue-shorts-vs-oviedo-%f0%9f%a4%94%f0%9f%91%80","status":"publish","type":"post","link":"https:\/\/www.lazar.es\/index.php\/2026\/09\/06\/why-did-real-madrid-wear-blue-shorts-vs-oviedo-%f0%9f%a4%94%f0%9f%91%80\/","title":{"rendered":"Why did Real Madrid Wear Blue Shorts vs Oviedo? \ud83e\udd14\ud83d\udc40"},"content":{"rendered":"<p><iframe loading=\"lazy\"  width=\"580\" height=\"385\" src=\"https:\/\/www.youtube.com\/embed\/Pl-fB0N0T9o\" frameborder=\"0\" allowfullscreen><\/iframe><br \/>\n<br \/>\u00bfPor qu\u00e9 el Real Madrid visti\u00f3 pantal\u00f3n azul vs Oviedo? \ud83e\udd14\ud83d\udc40 #shorts El Real Madrid es famoso por su equipaci\u00f3n \u00edntegramente blanca, pero ante el Real Oviedo se present\u00f3 con pantal\u00f3n azul. Esta no fue una elecci\u00f3n de moda: sucedi\u00f3 porque sus pantalones cortos marrones alternativos no estaban listos y el uniforme de Oviedo tambi\u00e9n ten\u00eda pantalones cortos blancos. Para evitar un choque, el Madrid no tuvo m\u00e1s opci\u00f3n que utilizar el pantal\u00f3n azul de su segunda equipaci\u00f3n. PARA CANTERAS EMPRESARIALES: rana.MOAZZAM444@gmail.com<br \/>\n<br \/><a href=\"https:\/\/www.camisetafutboles.com\/gremio-c-257_325.html\">Camisetas Gremio Baratas<\/a>  Celebra la pasi\u00f3n por el f\u00fatbol con nuestras camisetas de f\u00fatbol de tem\u00e1tica festiva, ideales para ocasiones especiales.<\/p>\n","protected":false},"excerpt":{"rendered":"<p>\u00bfPor qu\u00e9 el Real Madrid visti\u00f3 pantal\u00f3n azul vs Oviedo? \ud83e\udd14\ud83d\udc40 #shorts El Real Madrid es famoso por su equipaci\u00f3n \u00edntegramente blanca, pero ante el Real Oviedo se present\u00f3 con pantal\u00f3n azul. Esta no fue una elecci\u00f3n de moda: sucedi\u00f3 porque sus pantalones cortos marrones alternativos no estaban listos y el uniforme de Oviedo tambi\u00e9n &#8230; <a title=\"Why did Real Madrid Wear Blue Shorts vs Oviedo? \ud83e\udd14\ud83d\udc40\" class=\"read-more\" href=\"https:\/\/www.lazar.es\/index.php\/2026\/09\/06\/why-did-real-madrid-wear-blue-shorts-vs-oviedo-%f0%9f%a4%94%f0%9f%91%80\/\" aria-label=\"Leer m\u00e1s sobre Why did Real Madrid Wear Blue Shorts vs Oviedo? \ud83e\udd14\ud83d\udc40\">Leer m\u00e1s<\/a><\/p>\n","protected":false},"author":7,"featured_media":19,"comment_status":"open","ping_status":"open","sticky":false,"template":"","format":"standard","meta":{"footnotes":""},"categories":[1],"tags":[8,9,12,17,14,20,10,13,23,16,11,25,21,15,24,6,7,22,18,19,5],"class_list":["post-18","post","type-post","status-publish","format-standard","has-post-thumbnail","hentry","category-sin-categoria","tag-bmw-real-madrid","tag-bmwreal-madrid","tag-ciudad-real-de-madrid","tag-ciudad-real-madrid","tag-debut-real-madrid","tag-equipo-de-futbol-real-madrid","tag-gol-del-real-madrid","tag-goles-del-real-madrid","tag-lo-mas-destacado-del-real-madrid","tag-mbappe-real-madrid","tag-noticias-del-real-madrid","tag-nuevos-fichajes-del-real-madrid","tag-oficial-del-real-madrid","tag-psg-real-madrid","tag-real-madrid-1-0-salud","tag-real-madrid-cf","tag-real-madrid-fc","tag-resumen-del-real-madrid","tag-salud-del-real-madrid","tag-salud-real-madrid","tag-verdadero-madrid"],"_links":{"self":[{"href":"https:\/\/www.lazar.es\/index.php\/wp-json\/wp\/v2\/posts\/18","targetHints":{"allow":["GET"]}}],"collection":[{"href":"https:\/\/www.lazar.es\/index.php\/wp-json\/wp\/v2\/posts"}],"about":[{"href":"https:\/\/www.lazar.es\/index.php\/wp-json\/wp\/v2\/types\/post"}],"author":[{"embeddable":true,"href":"https:\/\/www.lazar.es\/index.php\/wp-json\/wp\/v2\/users\/7"}],"replies":[{"embeddable":true,"href":"https:\/\/www.lazar.es\/index.php\/wp-json\/wp\/v2\/comments?post=18"}],"version-history":[{"count":0,"href":"https:\/\/www.lazar.es\/index.php\/wp-json\/wp\/v2\/posts\/18\/revisions"}],"wp:featuredmedia":[{"embeddable":true,"href":"https:\/\/www.lazar.es\/index.php\/wp-json\/wp\/v2\/media\/19"}],"wp:attachment":[{"href":"https:\/\/www.lazar.es\/index.php\/wp-json\/wp\/v2\/media?parent=18"}],"wp:term":[{"taxonomy":"category","embeddable":true,"href":"https:\/\/www.lazar.es\/index.php\/wp-json\/wp\/v2\/categories?post=18"},{"taxonomy":"post_tag","embeddable":true,"href":"https:\/\/www.lazar.es\/index.php\/wp-json\/wp\/v2\/tags?post=18"}],"curies":[{"name":"wp","href":"https:\/\/api.w.org\/{rel}","templated":true}]}}