{"id":30,"date":"2026-09-06T20:46:03","date_gmt":"2026-09-06T18:46:03","guid":{"rendered":"https:\/\/www.lazar.es\/index.php\/2026\/09\/06\/top-5-camisetas-del-real-oviedo-ultimos-10-anos-%f0%9f%92%99%e2%9a%bd-realoviedo-futbol-laliga\/"},"modified":"2026-09-06T20:46:03","modified_gmt":"2026-09-06T18:46:03","slug":"top-5-camisetas-del-real-oviedo-ultimos-10-anos-%f0%9f%92%99%e2%9a%bd-realoviedo-futbol-laliga","status":"publish","type":"post","link":"https:\/\/www.lazar.es\/index.php\/2026\/09\/06\/top-5-camisetas-del-real-oviedo-ultimos-10-anos-%f0%9f%92%99%e2%9a%bd-realoviedo-futbol-laliga\/","title":{"rendered":"TOP 5 camisetas del Real Oviedo (\u00faltimos 10 a\u00f1os) \ud83d\udc99\u26bd #realoviedo #futbol #laliga"},"content":{"rendered":"<p><iframe loading=\"lazy\"  width=\"580\" height=\"385\" src=\"https:\/\/www.youtube.com\/embed\/PcpU9Qe65es\" frameborder=\"0\" allowfullscreen><\/iframe><br \/>\n<br \/>Toch\u00e9 levant\u00f3 el brazalete en El Molin\u00f3n como s\u00edmbolo de orgullo carbay\u00f3n \ud83d\udc99 Y nosotros te traemos hoy el ranking definitivo de camisetas del Real Oviedo en los \u00faltimos 10 a\u00f1os.<\/p>\n<p>\u00bfCu\u00e1l es tu favorita? \u00bfCu\u00e1l quitar\u00edas del top? \ud83e\udde3<\/p>\n<p>\u26bd Camisetas cl\u00e1sicas, conmemorativas y modernas.<br \/>\n\ud83d\udd35 Dise\u00f1o, historia y emoci\u00f3n oviedista.<\/p>\n<p>\ud83d\udde3\ufe0f Comenta tu camiseta favorita abajo<br \/>\n\ud83d\udcf2 \u00a1Y suscr\u00edbete si eres del Real Oviedo!<\/p>\n<p>#RealOviedo #Oviedismo #CamisetasOviedo #Toch\u00e9 #F\u00fatbolAsturiano #ShortsFutbol #LaLiga #SegundaDivisi\u00f3n #Oviedistas<br \/>\n<br \/><a href=\"https:\/\/www.camisetafutboles.com\/real-madrid-c-7_45.html\">Camisetas Real Madrid Baratas<\/a>  Camisetas de f\u00fatbol de selecciones sub-20, para seguir de cerca el talento emergente en el mundo del f\u00fatbol.<\/p>\n","protected":false},"excerpt":{"rendered":"<p>Toch\u00e9 levant\u00f3 el brazalete en El Molin\u00f3n como s\u00edmbolo de orgullo carbay\u00f3n \ud83d\udc99 Y nosotros te traemos hoy el ranking definitivo de camisetas del Real Oviedo en los \u00faltimos 10 a\u00f1os. \u00bfCu\u00e1l es tu favorita? \u00bfCu\u00e1l quitar\u00edas del top? \ud83e\udde3 \u26bd Camisetas cl\u00e1sicas, conmemorativas y modernas. \ud83d\udd35 Dise\u00f1o, historia y emoci\u00f3n oviedista. \ud83d\udde3\ufe0f Comenta tu &#8230; <a title=\"TOP 5 camisetas del Real Oviedo (\u00faltimos 10 a\u00f1os) \ud83d\udc99\u26bd #realoviedo #futbol #laliga\" class=\"read-more\" href=\"https:\/\/www.lazar.es\/index.php\/2026\/09\/06\/top-5-camisetas-del-real-oviedo-ultimos-10-anos-%f0%9f%92%99%e2%9a%bd-realoviedo-futbol-laliga\/\" aria-label=\"Leer m\u00e1s sobre TOP 5 camisetas del Real Oviedo (\u00faltimos 10 a\u00f1os) \ud83d\udc99\u26bd #realoviedo #futbol #laliga\">Leer m\u00e1s<\/a><\/p>\n","protected":false},"author":12,"featured_media":31,"comment_status":"open","ping_status":"open","sticky":false,"template":"","format":"standard","meta":{"footnotes":""},"categories":[1],"tags":[],"class_list":["post-30","post","type-post","status-publish","format-standard","has-post-thumbnail","hentry","category-sin-categoria"],"_links":{"self":[{"href":"https:\/\/www.lazar.es\/index.php\/wp-json\/wp\/v2\/posts\/30","targetHints":{"allow":["GET"]}}],"collection":[{"href":"https:\/\/www.lazar.es\/index.php\/wp-json\/wp\/v2\/posts"}],"about":[{"href":"https:\/\/www.lazar.es\/index.php\/wp-json\/wp\/v2\/types\/post"}],"author":[{"embeddable":true,"href":"https:\/\/www.lazar.es\/index.php\/wp-json\/wp\/v2\/users\/12"}],"replies":[{"embeddable":true,"href":"https:\/\/www.lazar.es\/index.php\/wp-json\/wp\/v2\/comments?post=30"}],"version-history":[{"count":0,"href":"https:\/\/www.lazar.es\/index.php\/wp-json\/wp\/v2\/posts\/30\/revisions"}],"wp:featuredmedia":[{"embeddable":true,"href":"https:\/\/www.lazar.es\/index.php\/wp-json\/wp\/v2\/media\/31"}],"wp:attachment":[{"href":"https:\/\/www.lazar.es\/index.php\/wp-json\/wp\/v2\/media?parent=30"}],"wp:term":[{"taxonomy":"category","embeddable":true,"href":"https:\/\/www.lazar.es\/index.php\/wp-json\/wp\/v2\/categories?post=30"},{"taxonomy":"post_tag","embeddable":true,"href":"https:\/\/www.lazar.es\/index.php\/wp-json\/wp\/v2\/tags?post=30"}],"curies":[{"name":"wp","href":"https:\/\/api.w.org\/{rel}","templated":true}]}}